{"id":473,"date":"2019-08-09T12:33:02","date_gmt":"2019-08-09T17:33:02","guid":{"rendered":"https:\/\/stratusmedical.com\/?p=473"},"modified":"2022-01-23T20:30:08","modified_gmt":"2022-01-24T02:30:08","slug":"med-venture-holdings-announces-new-ceo-appointment-for-nimbus","status":"publish","type":"post","link":"https:\/\/stratusmedical.com\/br\/2019\/08\/09\/med-venture-holdings-announces-new-ceo-appointment-for-nimbus\/","title":{"rendered":"Med Venture Holdings anuncia nova nomea\u00e7\u00e3o de CEO para a Nimbus"},"content":{"rendered":"<p class=\"wp-block-paragraph\">SALT LAKE CITY, 8 de agosto de 2019 \/ PRNewswire \/ - Os s\u00f3cios-gerentes da Med Venture Holdings t\u00eam o prazer de anunciar a nomea\u00e7\u00e3o de&nbsp;<strong>Bret Boudousquie como o novo CEO da Nimbus\u00ae.<\/strong>&nbsp;Bret iniciou recentemente seu papel na Nimbus em julho de 2019 e supervisionar\u00e1 a comercializa\u00e7\u00e3o nos EUA, a expans\u00e3o global e o desenvolvimento cont\u00ednuo da linha de produtos Nimbus e de seus futuros produtos.<\/p>\n\n\n\n<figure class=\"wp-block-image\"><img decoding=\"async\" src=\"https:\/\/s.yimg.com\/ny\/api\/res\/1.2\/zrAyv.zvOiGk4a.6AKQEhQ--~A\/YXBwaWQ9aGlnaGxhbmRlcjtzbT0xO3c9ODAw\/http:\/\/globalfinance.zenfs.com\/en_us\/Finance\/US_AFTP_PRNEWSWIRE_LIVE\/Med_Venture_Holdings_Announces_New-66cee1c0603979bc51ad5a2a17168275\" alt=\"Logotipo da Nimbus\"\/><\/figure>\n\n\n\n<p class=\"wp-block-paragraph\">O Nimbus foi criado para atender \u00e0 necessidade n\u00e3o atendida de um dispositivo de RF f\u00e1cil de usar, eficiente e econ\u00f4mico que fornece uma grande les\u00e3o esf\u00e9rica de 8 mm a 10 mm, que o especialista em dor intervencionista pode usar para tratar a dor.<\/p>\n\n\n\n<p class=\"wp-block-paragraph\">Bret se junta \u00e0 Nimbus da RadiaDyne\u00ae, onde liderou o neg\u00f3cio como presidente. A RadiaDyne era uma empresa em est\u00e1gio comercial que desenvolveu e comercializou dispositivos m\u00e9dicos e equipamentos de monitoramento de pacientes usados \u200b\u200bdurante a radioterapia para o tratamento do c\u00e2ncer. Durante seus quatro anos de mandato na RadiaDyne, Bret liderou a equipe ao atualizar todos os produtos, sistemas e processos da RadiaDyne. No in\u00edcio de 2018, a RadiaDyne lan\u00e7ou o premiado sistema de monitoramento de doses de radia\u00e7\u00e3o OARtrac\u00ae para tratamento de c\u00e2ncer.<\/p>\n\n\n\n<p class=\"wp-block-paragraph\">Antes da RadiaDyne, a carreira de Bret estava focada na evolu\u00e7\u00e3o de procedimentos cir\u00fargicos minimamente invasivos, principalmente em ortopedia, coluna vertebral e cirurgia geral, primeiro na Johnson &amp; Johnson e depois em empresas iniciantes. Ele estabeleceu um forte hist\u00f3rico de sucesso em vendas, marketing e gerenciamento de vendas. No in\u00edcio de sua carreira, Bret ganhou experi\u00eancia pr\u00e1tica em finan\u00e7as corporativas como Credor comercial no Wachovia.&nbsp;<\/p>\n\n\n\n<p class=\"wp-block-paragraph\">Bret ofereceu: \u201cEstou muito animado para trabalhar com a equipe Nimbus e espero replicar o grande sucesso que eles tiveram na Austr\u00e1lia, \u00e0 medida que expandimos nos EUA e em outros pa\u00edses em todo o mundo. Temos grande confian\u00e7a no eletrodo expans\u00edvel multitinado RF da Nimbus, pois os usu\u00e1rios atuais e os novos usu\u00e1rios compartilham o grande valor que a Nimbus oferece aos pacientes com dor cr\u00f4nica. \u201d&nbsp; &nbsp;<\/p>\n\n\n\n<p class=\"wp-block-paragraph\">Travis Sessions, s\u00f3cio-gerente da Med Venture Holdings, comentou: \u201cA Nimbus est\u00e1 fornecendo grande valor aos nossos m\u00e9dicos de interven\u00e7\u00e3o intervencionista, clientes hospitalares e pacientes interessados. Fizemos um bom progresso por meio de nossos distribuidores na Austr\u00e1lia e no Brasil e acreditamos que, sob a lideran\u00e7a de Bret, podemos aproveitar essa experi\u00eancia e capturar as oportunidades significativas de mercado nos EUA e em outros pa\u00edses. Estou confiante de que, com a lideran\u00e7a e o hist\u00f3rico de Bret de impulsionar o crescimento com tecnologias m\u00e9dicas diferenciadas, garantiremos o sucesso deste neg\u00f3cio. \u201d<\/p>\n\n\n\n<p class=\"wp-block-paragraph\"><strong>Sobre a Med Venture Holdings<\/strong>&nbsp;- A Med Venture Holdings avalia, desenvolve e investe em tecnologias, produtos e servi\u00e7os de dispositivos m\u00e9dicos para melhorar a sa\u00fade e o bem-estar humano. Estabelecemos parcerias com empreendedores, m\u00e9dicos, engenheiros e propriet\u00e1rios de empresas para fornecer financiamento, relacionamentos e experi\u00eancia para criar neg\u00f3cios que geram valor. Nossa combina\u00e7\u00e3o de conhecimento do setor, conformidade regulat\u00f3ria, opera\u00e7\u00f5es e finan\u00e7as nos torna um parceiro preferido.<\/p>\n\n\n\n<p class=\"wp-block-paragraph\"><strong>Contato com a m\u00eddia<\/strong><\/p>\n\n\n\n<p class=\"wp-block-paragraph\">Aden Hirtle<br>Gerente de Comunica\u00e7\u00e3o de Marketing<br>Med Venture Holdings<br>385-424-2887<br><a target=\"_blank\" href=\"mailto:ahirtle@medventureholdings.com\" rel=\"noreferrer noopener\">ahirtle@medventureholdings.com<\/a><\/p>","protected":false},"excerpt":{"rendered":"<p>SALT LAKE CITY,&nbsp;Aug. 8, 2019&nbsp;\/PRNewswire\/ &#8212;&nbsp;The Managing Partners of Med Venture Holdings are pleased to announce the appointment of&nbsp;Bret Boudousquie&nbsp;as the new CEO of Nimbus\u00ae.&nbsp;Bret recently began his role with Nimbus in&nbsp;July 2019&nbsp;and will oversee the US commercialization, global expansion and ongoing development of the Nimbus product line and its future products. The Nimbus was &#8230; <a title=\"Med Venture Holdings anuncia nova nomea\u00e7\u00e3o de CEO para a Nimbus\" class=\"read-more\" href=\"https:\/\/stratusmedical.com\/br\/2019\/08\/09\/med-venture-holdings-announces-new-ceo-appointment-for-nimbus\/\" aria-label=\"Read more about Med Venture Holdings Announces New CEO Appointment For Nimbus\">Ler mais<\/a><\/p>","protected":false},"author":163851896,"featured_media":7514,"comment_status":"open","ping_status":"open","sticky":false,"template":"","format":"standard","meta":{"_acf_changed":false,"_jetpack_newsletter_access":"","_jetpack_dont_email_post_to_subs":false,"_jetpack_newsletter_tier_id":0,"_jetpack_memberships_contains_paywalled_content":false,"_wpcom_ai_launchpad_first_post":false,"_jetpack_feature_clip_id":0,"_jetpack_memberships_contains_paid_content":false,"footnotes":"","jetpack_post_was_ever_published":false},"categories":[684191362],"tags":[],"class_list":["post-473","post","type-post","status-publish","format-standard","has-post-thumbnail","hentry","category-press-releases"],"acf":[],"yoast_head":"<!-- This site is optimized with the Yoast SEO Premium plugin v28.3 (Yoast SEO v28.4) - https:\/\/yoast.com\/product\/yoast-seo-premium-wordpress\/ -->\n<title>Med Venture Holdings Announces New CEO Appointment For Nimbus - Stratus Medical<\/title>\n<meta name=\"robots\" content=\"index, follow, max-snippet:-1, max-image-preview:large, max-video-preview:-1\" \/>\n<link rel=\"canonical\" href=\"https:\/\/stratusmedical.com\/br\/2019\/08\/09\/med-venture-holdings-announces-new-ceo-appointment-for-nimbus\/\" \/>\n<meta property=\"og:locale\" content=\"pt_BR\" \/>\n<meta property=\"og:type\" content=\"article\" \/>\n<meta property=\"og:title\" content=\"Med Venture Holdings Announces New CEO Appointment For Nimbus\" \/>\n<meta property=\"og:description\" content=\"SALT LAKE CITY,&nbsp;Aug. 8, 2019&nbsp;\/PRNewswire\/ &#8212;&nbsp;The Managing Partners of Med Venture Holdings are pleased to announce the appointment of&nbsp;Bret Boudousquie&nbsp;as the new CEO of Nimbus\u00ae.&nbsp;Bret recently began his role with Nimbus in&nbsp;July 2019&nbsp;and will oversee the US commercialization, global expansion and ongoing development of the Nimbus product line and its future products. The Nimbus was ... Ler mais\" \/>\n<meta property=\"og:url\" content=\"https:\/\/stratusmedical.com\/br\/2019\/08\/09\/med-venture-holdings-announces-new-ceo-appointment-for-nimbus\/\" \/>\n<meta property=\"og:site_name\" content=\"Stratus Medical\" \/>\n<meta property=\"article:publisher\" content=\"https:\/\/www.facebook.com\/stratusmedicalllc\" \/>\n<meta property=\"article:published_time\" content=\"2019-08-09T17:33:02+00:00\" \/>\n<meta property=\"article:modified_time\" content=\"2022-01-24T02:30:08+00:00\" \/>\n<meta property=\"og:image\" content=\"https:\/\/i0.wp.com\/stratusmedical.com\/wp-content\/uploads\/2022\/01\/press-release2.png?fit=1053%2C728&ssl=1\" \/>\n\t<meta property=\"og:image:width\" content=\"1053\" \/>\n\t<meta property=\"og:image:height\" content=\"728\" \/>\n\t<meta property=\"og:image:type\" content=\"image\/png\" \/>\n<meta name=\"author\" content=\"stratusmedical\" \/>\n<meta name=\"twitter:card\" content=\"summary_large_image\" \/>\n<meta name=\"twitter:creator\" content=\"@stratusmed\" \/>\n<meta name=\"twitter:site\" content=\"@stratusmed\" \/>\n<meta name=\"twitter:label1\" content=\"Escrito por\" \/>\n\t<meta name=\"twitter:data1\" content=\"stratusmedical\" \/>\n\t<meta name=\"twitter:label2\" content=\"Est. tempo de leitura\" \/>\n\t<meta name=\"twitter:data2\" content=\"3 minutos\" \/>\n<script type=\"application\/ld+json\" class=\"yoast-schema-graph\">{\"@context\":\"https:\\\/\\\/schema.org\",\"@graph\":[{\"@type\":\"Article\",\"@id\":\"https:\\\/\\\/stratusmedical.com\\\/2019\\\/08\\\/09\\\/med-venture-holdings-announces-new-ceo-appointment-for-nimbus\\\/#article\",\"isPartOf\":{\"@id\":\"https:\\\/\\\/stratusmedical.com\\\/2019\\\/08\\\/09\\\/med-venture-holdings-announces-new-ceo-appointment-for-nimbus\\\/\"},\"author\":{\"name\":\"stratusmedical\",\"@id\":\"https:\\\/\\\/stratusmedical.com\\\/#\\\/schema\\\/person\\\/040a4d8714f9d88bf68f93360ca8352a\"},\"headline\":\"Med Venture Holdings Announces New CEO Appointment For Nimbus\",\"datePublished\":\"2019-08-09T17:33:02+00:00\",\"dateModified\":\"2022-01-24T02:30:08+00:00\",\"mainEntityOfPage\":{\"@id\":\"https:\\\/\\\/stratusmedical.com\\\/2019\\\/08\\\/09\\\/med-venture-holdings-announces-new-ceo-appointment-for-nimbus\\\/\"},\"wordCount\":488,\"commentCount\":0,\"publisher\":{\"@id\":\"https:\\\/\\\/stratusmedical.com\\\/#organization\"},\"image\":{\"@id\":\"https:\\\/\\\/stratusmedical.com\\\/2019\\\/08\\\/09\\\/med-venture-holdings-announces-new-ceo-appointment-for-nimbus\\\/#primaryimage\"},\"thumbnailUrl\":\"https:\\\/\\\/i0.wp.com\\\/stratusmedical.com\\\/wp-content\\\/uploads\\\/2022\\\/01\\\/press-release2.webp?fit=1053%2C728&ssl=1\",\"articleSection\":[\"Press Releases\"],\"inLanguage\":\"pt-BR\",\"potentialAction\":[{\"@type\":\"CommentAction\",\"name\":\"Comment\",\"target\":[\"https:\\\/\\\/stratusmedical.com\\\/2019\\\/08\\\/09\\\/med-venture-holdings-announces-new-ceo-appointment-for-nimbus\\\/#respond\"]}]},{\"@type\":\"WebPage\",\"@id\":\"https:\\\/\\\/stratusmedical.com\\\/2019\\\/08\\\/09\\\/med-venture-holdings-announces-new-ceo-appointment-for-nimbus\\\/\",\"url\":\"https:\\\/\\\/stratusmedical.com\\\/2019\\\/08\\\/09\\\/med-venture-holdings-announces-new-ceo-appointment-for-nimbus\\\/\",\"name\":\"Med Venture Holdings Announces New CEO Appointment For Nimbus - Stratus Medical\",\"isPartOf\":{\"@id\":\"https:\\\/\\\/stratusmedical.com\\\/#website\"},\"primaryImageOfPage\":{\"@id\":\"https:\\\/\\\/stratusmedical.com\\\/2019\\\/08\\\/09\\\/med-venture-holdings-announces-new-ceo-appointment-for-nimbus\\\/#primaryimage\"},\"image\":{\"@id\":\"https:\\\/\\\/stratusmedical.com\\\/2019\\\/08\\\/09\\\/med-venture-holdings-announces-new-ceo-appointment-for-nimbus\\\/#primaryimage\"},\"thumbnailUrl\":\"https:\\\/\\\/i0.wp.com\\\/stratusmedical.com\\\/wp-content\\\/uploads\\\/2022\\\/01\\\/press-release2.webp?fit=1053%2C728&ssl=1\",\"datePublished\":\"2019-08-09T17:33:02+00:00\",\"dateModified\":\"2022-01-24T02:30:08+00:00\",\"breadcrumb\":{\"@id\":\"https:\\\/\\\/stratusmedical.com\\\/2019\\\/08\\\/09\\\/med-venture-holdings-announces-new-ceo-appointment-for-nimbus\\\/#breadcrumb\"},\"inLanguage\":\"pt-BR\",\"potentialAction\":[{\"@type\":\"ReadAction\",\"target\":[\"https:\\\/\\\/stratusmedical.com\\\/2019\\\/08\\\/09\\\/med-venture-holdings-announces-new-ceo-appointment-for-nimbus\\\/\"]}]},{\"@type\":\"ImageObject\",\"inLanguage\":\"pt-BR\",\"@id\":\"https:\\\/\\\/stratusmedical.com\\\/2019\\\/08\\\/09\\\/med-venture-holdings-announces-new-ceo-appointment-for-nimbus\\\/#primaryimage\",\"url\":\"https:\\\/\\\/i0.wp.com\\\/stratusmedical.com\\\/wp-content\\\/uploads\\\/2022\\\/01\\\/press-release2.webp?fit=1053%2C728&ssl=1\",\"contentUrl\":\"https:\\\/\\\/i0.wp.com\\\/stratusmedical.com\\\/wp-content\\\/uploads\\\/2022\\\/01\\\/press-release2.webp?fit=1053%2C728&ssl=1\",\"width\":1053,\"height\":728},{\"@type\":\"BreadcrumbList\",\"@id\":\"https:\\\/\\\/stratusmedical.com\\\/2019\\\/08\\\/09\\\/med-venture-holdings-announces-new-ceo-appointment-for-nimbus\\\/#breadcrumb\",\"itemListElement\":[{\"@type\":\"ListItem\",\"position\":1,\"name\":\"Home\",\"item\":\"https:\\\/\\\/stratusmedical.com\\\/\"},{\"@type\":\"ListItem\",\"position\":2,\"name\":\"Med Venture Holdings Announces New CEO Appointment For Nimbus\"}]},{\"@type\":\"WebSite\",\"@id\":\"https:\\\/\\\/stratusmedical.com\\\/#website\",\"url\":\"https:\\\/\\\/stratusmedical.com\\\/\",\"name\":\"Stratus Medical\",\"description\":\"NIMBUS RF - Advancing RF Technology for the Treatment of Pain\",\"publisher\":{\"@id\":\"https:\\\/\\\/stratusmedical.com\\\/#organization\"},\"potentialAction\":[{\"@type\":\"SearchAction\",\"target\":{\"@type\":\"EntryPoint\",\"urlTemplate\":\"https:\\\/\\\/stratusmedical.com\\\/?s={search_term_string}\"},\"query-input\":{\"@type\":\"PropertyValueSpecification\",\"valueRequired\":true,\"valueName\":\"search_term_string\"}}],\"inLanguage\":\"pt-BR\"},{\"@type\":\"Organization\",\"@id\":\"https:\\\/\\\/stratusmedical.com\\\/#organization\",\"name\":\"Stratus Medical\",\"url\":\"https:\\\/\\\/stratusmedical.com\\\/\",\"logo\":{\"@type\":\"ImageObject\",\"inLanguage\":\"pt-BR\",\"@id\":\"https:\\\/\\\/stratusmedical.com\\\/#\\\/schema\\\/logo\\\/image\\\/\",\"url\":\"https:\\\/\\\/i0.wp.com\\\/stratusmedical.com\\\/wp-content\\\/uploads\\\/2022\\\/01\\\/stratus-r-3.png?fit=1508%2C450&ssl=1\",\"contentUrl\":\"https:\\\/\\\/i0.wp.com\\\/stratusmedical.com\\\/wp-content\\\/uploads\\\/2022\\\/01\\\/stratus-r-3.png?fit=1508%2C450&ssl=1\",\"width\":1508,\"height\":450,\"caption\":\"Stratus Medical\"},\"image\":{\"@id\":\"https:\\\/\\\/stratusmedical.com\\\/#\\\/schema\\\/logo\\\/image\\\/\"},\"sameAs\":[\"https:\\\/\\\/www.facebook.com\\\/stratusmedicalllc\",\"https:\\\/\\\/x.com\\\/stratusmed\",\"https:\\\/\\\/www.linkedin.com\\\/company\\\/stratusmedical\",\"https:\\\/\\\/www.instagram.com\\\/stratus.med\\\/?hl=en\"]},{\"@type\":\"Person\",\"@id\":\"https:\\\/\\\/stratusmedical.com\\\/#\\\/schema\\\/person\\\/040a4d8714f9d88bf68f93360ca8352a\",\"name\":\"stratusmedical\",\"image\":{\"@type\":\"ImageObject\",\"inLanguage\":\"pt-BR\",\"@id\":\"https:\\\/\\\/secure.gravatar.com\\\/avatar\\\/7d2d2b763f8846a6bc048a74a225ebdbe292d44c6b376e0fc93c43bd8f317c50?s=96&d=blank&r=g\",\"url\":\"https:\\\/\\\/secure.gravatar.com\\\/avatar\\\/7d2d2b763f8846a6bc048a74a225ebdbe292d44c6b376e0fc93c43bd8f317c50?s=96&d=blank&r=g\",\"contentUrl\":\"https:\\\/\\\/secure.gravatar.com\\\/avatar\\\/7d2d2b763f8846a6bc048a74a225ebdbe292d44c6b376e0fc93c43bd8f317c50?s=96&d=blank&r=g\",\"caption\":\"stratusmedical\"},\"sameAs\":[\"http:\\\/\\\/stratusmedical.wordpress.com\"]}]}<\/script>\n<!-- \/ Yoast SEO Premium plugin. -->","yoast_head_json":{"title":"Med Venture Holdings anuncia a nomea\u00e7\u00e3o de um novo CEO para a Nimbus - Stratus Medical","robots":{"index":"index","follow":"follow","max-snippet":"max-snippet:-1","max-image-preview":"max-image-preview:large","max-video-preview":"max-video-preview:-1"},"canonical":"https:\/\/stratusmedical.com\/br\/2019\/08\/09\/med-venture-holdings-announces-new-ceo-appointment-for-nimbus\/","og_locale":"pt_BR","og_type":"article","og_title":"Med Venture Holdings Announces New CEO Appointment For Nimbus","og_description":"SALT LAKE CITY,&nbsp;Aug. 8, 2019&nbsp;\/PRNewswire\/ &#8212;&nbsp;The Managing Partners of Med Venture Holdings are pleased to announce the appointment of&nbsp;Bret Boudousquie&nbsp;as the new CEO of Nimbus\u00ae.&nbsp;Bret recently began his role with Nimbus in&nbsp;July 2019&nbsp;and will oversee the US commercialization, global expansion and ongoing development of the Nimbus product line and its future products. The Nimbus was ... Ler mais","og_url":"https:\/\/stratusmedical.com\/br\/2019\/08\/09\/med-venture-holdings-announces-new-ceo-appointment-for-nimbus\/","og_site_name":"Stratus Medical","article_publisher":"https:\/\/www.facebook.com\/stratusmedicalllc","article_published_time":"2019-08-09T17:33:02+00:00","article_modified_time":"2022-01-24T02:30:08+00:00","og_image":[{"width":1053,"height":728,"url":"https:\/\/i0.wp.com\/stratusmedical.com\/wp-content\/uploads\/2022\/01\/press-release2.png?fit=1053%2C728&ssl=1","type":"image\/png"}],"author":"stratusmedical","twitter_card":"summary_large_image","twitter_creator":"@stratusmed","twitter_site":"@stratusmed","twitter_misc":{"Escrito por":"stratusmedical","Est. tempo de leitura":"3 minutos"},"schema":{"@context":"https:\/\/schema.org","@graph":[{"@type":"Article","@id":"https:\/\/stratusmedical.com\/2019\/08\/09\/med-venture-holdings-announces-new-ceo-appointment-for-nimbus\/#article","isPartOf":{"@id":"https:\/\/stratusmedical.com\/2019\/08\/09\/med-venture-holdings-announces-new-ceo-appointment-for-nimbus\/"},"author":{"name":"stratusmedical","@id":"https:\/\/stratusmedical.com\/#\/schema\/person\/040a4d8714f9d88bf68f93360ca8352a"},"headline":"Med Venture Holdings Announces New CEO Appointment For Nimbus","datePublished":"2019-08-09T17:33:02+00:00","dateModified":"2022-01-24T02:30:08+00:00","mainEntityOfPage":{"@id":"https:\/\/stratusmedical.com\/2019\/08\/09\/med-venture-holdings-announces-new-ceo-appointment-for-nimbus\/"},"wordCount":488,"commentCount":0,"publisher":{"@id":"https:\/\/stratusmedical.com\/#organization"},"image":{"@id":"https:\/\/stratusmedical.com\/2019\/08\/09\/med-venture-holdings-announces-new-ceo-appointment-for-nimbus\/#primaryimage"},"thumbnailUrl":"https:\/\/i0.wp.com\/stratusmedical.com\/wp-content\/uploads\/2022\/01\/press-release2.webp?fit=1053%2C728&ssl=1","articleSection":["Press Releases"],"inLanguage":"pt-BR","potentialAction":[{"@type":"CommentAction","name":"Comment","target":["https:\/\/stratusmedical.com\/2019\/08\/09\/med-venture-holdings-announces-new-ceo-appointment-for-nimbus\/#respond"]}]},{"@type":"WebPage","@id":"https:\/\/stratusmedical.com\/2019\/08\/09\/med-venture-holdings-announces-new-ceo-appointment-for-nimbus\/","url":"https:\/\/stratusmedical.com\/2019\/08\/09\/med-venture-holdings-announces-new-ceo-appointment-for-nimbus\/","name":"Med Venture Holdings anuncia a nomea\u00e7\u00e3o de um novo CEO para a Nimbus - Stratus Medical","isPartOf":{"@id":"https:\/\/stratusmedical.com\/#website"},"primaryImageOfPage":{"@id":"https:\/\/stratusmedical.com\/2019\/08\/09\/med-venture-holdings-announces-new-ceo-appointment-for-nimbus\/#primaryimage"},"image":{"@id":"https:\/\/stratusmedical.com\/2019\/08\/09\/med-venture-holdings-announces-new-ceo-appointment-for-nimbus\/#primaryimage"},"thumbnailUrl":"https:\/\/i0.wp.com\/stratusmedical.com\/wp-content\/uploads\/2022\/01\/press-release2.webp?fit=1053%2C728&ssl=1","datePublished":"2019-08-09T17:33:02+00:00","dateModified":"2022-01-24T02:30:08+00:00","breadcrumb":{"@id":"https:\/\/stratusmedical.com\/2019\/08\/09\/med-venture-holdings-announces-new-ceo-appointment-for-nimbus\/#breadcrumb"},"inLanguage":"pt-BR","potentialAction":[{"@type":"ReadAction","target":["https:\/\/stratusmedical.com\/2019\/08\/09\/med-venture-holdings-announces-new-ceo-appointment-for-nimbus\/"]}]},{"@type":"ImageObject","inLanguage":"pt-BR","@id":"https:\/\/stratusmedical.com\/2019\/08\/09\/med-venture-holdings-announces-new-ceo-appointment-for-nimbus\/#primaryimage","url":"https:\/\/i0.wp.com\/stratusmedical.com\/wp-content\/uploads\/2022\/01\/press-release2.webp?fit=1053%2C728&ssl=1","contentUrl":"https:\/\/i0.wp.com\/stratusmedical.com\/wp-content\/uploads\/2022\/01\/press-release2.webp?fit=1053%2C728&ssl=1","width":1053,"height":728},{"@type":"BreadcrumbList","@id":"https:\/\/stratusmedical.com\/2019\/08\/09\/med-venture-holdings-announces-new-ceo-appointment-for-nimbus\/#breadcrumb","itemListElement":[{"@type":"ListItem","position":1,"name":"Home","item":"https:\/\/stratusmedical.com\/"},{"@type":"ListItem","position":2,"name":"Med Venture Holdings Announces New CEO Appointment For Nimbus"}]},{"@type":"WebSite","@id":"https:\/\/stratusmedical.com\/#website","url":"https:\/\/stratusmedical.com\/","name":"Stratus Medical","description":"NIMBUS RF - Advancing RF Technology for the Treatment of Pain","publisher":{"@id":"https:\/\/stratusmedical.com\/#organization"},"potentialAction":[{"@type":"SearchAction","target":{"@type":"EntryPoint","urlTemplate":"https:\/\/stratusmedical.com\/?s={search_term_string}"},"query-input":{"@type":"PropertyValueSpecification","valueRequired":true,"valueName":"search_term_string"}}],"inLanguage":"pt-BR"},{"@type":"Organization","@id":"https:\/\/stratusmedical.com\/#organization","name":"Stratus Medical","url":"https:\/\/stratusmedical.com\/","logo":{"@type":"ImageObject","inLanguage":"pt-BR","@id":"https:\/\/stratusmedical.com\/#\/schema\/logo\/image\/","url":"https:\/\/i0.wp.com\/stratusmedical.com\/wp-content\/uploads\/2022\/01\/stratus-r-3.png?fit=1508%2C450&ssl=1","contentUrl":"https:\/\/i0.wp.com\/stratusmedical.com\/wp-content\/uploads\/2022\/01\/stratus-r-3.png?fit=1508%2C450&ssl=1","width":1508,"height":450,"caption":"Stratus Medical"},"image":{"@id":"https:\/\/stratusmedical.com\/#\/schema\/logo\/image\/"},"sameAs":["https:\/\/www.facebook.com\/stratusmedicalllc","https:\/\/x.com\/stratusmed","https:\/\/www.linkedin.com\/company\/stratusmedical","https:\/\/www.instagram.com\/stratus.med\/?hl=en"]},{"@type":"Person","@id":"https:\/\/stratusmedical.com\/#\/schema\/person\/040a4d8714f9d88bf68f93360ca8352a","name":"stratusmedical","image":{"@type":"ImageObject","inLanguage":"pt-BR","@id":"https:\/\/secure.gravatar.com\/avatar\/7d2d2b763f8846a6bc048a74a225ebdbe292d44c6b376e0fc93c43bd8f317c50?s=96&d=blank&r=g","url":"https:\/\/secure.gravatar.com\/avatar\/7d2d2b763f8846a6bc048a74a225ebdbe292d44c6b376e0fc93c43bd8f317c50?s=96&d=blank&r=g","contentUrl":"https:\/\/secure.gravatar.com\/avatar\/7d2d2b763f8846a6bc048a74a225ebdbe292d44c6b376e0fc93c43bd8f317c50?s=96&d=blank&r=g","caption":"stratusmedical"},"sameAs":["http:\/\/stratusmedical.wordpress.com"]}]}},"jetpack_shortlink":"https:\/\/wp.me\/pb9sem-7D","jetpack_sharing_enabled":true,"jetpack_featured_media_url":"https:\/\/i0.wp.com\/stratusmedical.com\/wp-content\/uploads\/2022\/01\/press-release2.webp?fit=1053%2C728&ssl=1","_links":{"self":[{"href":"https:\/\/stratusmedical.com\/br\/wp-json\/wp\/v2\/posts\/473","targetHints":{"allow":["GET"]}}],"collection":[{"href":"https:\/\/stratusmedical.com\/br\/wp-json\/wp\/v2\/posts"}],"about":[{"href":"https:\/\/stratusmedical.com\/br\/wp-json\/wp\/v2\/types\/post"}],"author":[{"embeddable":true,"href":"https:\/\/stratusmedical.com\/br\/wp-json\/wp\/v2\/users\/163851896"}],"replies":[{"embeddable":true,"href":"https:\/\/stratusmedical.com\/br\/wp-json\/wp\/v2\/comments?post=473"}],"version-history":[{"count":0,"href":"https:\/\/stratusmedical.com\/br\/wp-json\/wp\/v2\/posts\/473\/revisions"}],"wp:featuredmedia":[{"embeddable":true,"href":"https:\/\/stratusmedical.com\/br\/wp-json\/wp\/v2\/media\/7514"}],"wp:attachment":[{"href":"https:\/\/stratusmedical.com\/br\/wp-json\/wp\/v2\/media?parent=473"}],"wp:term":[{"taxonomy":"category","embeddable":true,"href":"https:\/\/stratusmedical.com\/br\/wp-json\/wp\/v2\/categories?post=473"},{"taxonomy":"post_tag","embeddable":true,"href":"https:\/\/stratusmedical.com\/br\/wp-json\/wp\/v2\/tags?post=473"}],"curies":[{"name":"wp","href":"https:\/\/api.w.org\/{rel}","templated":true}]}}