{"id":14710,"date":"2025-05-30T22:20:00","date_gmt":"2025-05-31T03:20:00","guid":{"rendered":"https:\/\/stratusmedical.com\/"},"modified":"2025-08-29T22:26:56","modified_gmt":"2025-08-30T03:26:56","slug":"stratus-medical-supported-mba-surgical-empowerments-work-at-the-21st-congress-of-the-sociedad-espanola-del-dolor-at-the-palacio-de-ferias-y-congresos-de-malaga-espana-may-28th-30th","status":"publish","type":"post","link":"https:\/\/stratusmedical.com\/es\/2025\/05\/30\/stratus-medical-supported-mba-surgical-empowerments-work-at-the-21st-congress-of-the-sociedad-espanola-del-dolor-at-the-palacio-de-ferias-y-congresos-de-malaga-espana-may-28th-30th\/","title":{"rendered":"Stratus\u00ae Medical apoy\u00f3 el trabajo de MBA Surgical Empowerment en el 21\u00ba Congreso de la Sociedad Espa\u00f1ola del Dolor en el Palacio de Ferias y Congresos de M\u00e1laga, Espa\u00f1a, del 28 al 30 de mayo."},"content":{"rendered":"<figure class=\"wp-block-image size-large\"><img data-recalc-dims=\"1\" loading=\"lazy\" decoding=\"async\" width=\"768\" height=\"1024\" data-attachment-id=\"14712\" data-permalink=\"https:\/\/stratusmedical.com\/es\/2025\/05\/30\/stratus-medical-supported-mba-surgical-empowerments-work-at-the-21st-congress-of-the-sociedad-espanola-del-dolor-at-the-palacio-de-ferias-y-congresos-de-malaga-espana-may-28th-30th\/attachment\/1748643410754\/#main\" data-orig-file=\"https:\/\/i0.wp.com\/stratusmedical.com\/wp-content\/uploads\/2025\/08\/1748643410754.webp?fit=800%2C1067&amp;ssl=1\" data-orig-size=\"800,1067\" data-comments-opened=\"1\" data-image-meta=\"{&quot;aperture&quot;:&quot;0&quot;,&quot;credit&quot;:&quot;&quot;,&quot;camera&quot;:&quot;&quot;,&quot;caption&quot;:&quot;&quot;,&quot;created_timestamp&quot;:&quot;0&quot;,&quot;copyright&quot;:&quot;&quot;,&quot;focal_length&quot;:&quot;0&quot;,&quot;iso&quot;:&quot;0&quot;,&quot;shutter_speed&quot;:&quot;0&quot;,&quot;title&quot;:&quot;&quot;,&quot;orientation&quot;:&quot;0&quot;}\" data-image-title=\"1748643410754\" data-image-description=\"\" data-image-caption=\"\" data-large-file=\"https:\/\/i0.wp.com\/stratusmedical.com\/wp-content\/uploads\/2025\/08\/1748643410754.webp?fit=768%2C1024&amp;ssl=1\" src=\"https:\/\/i0.wp.com\/stratusmedical.com\/wp-content\/uploads\/2025\/08\/1748643410754.jpeg?resize=768%2C1024&#038;ssl=1\" alt=\"\" class=\"wp-image-14712\" srcset=\"https:\/\/i0.wp.com\/stratusmedical.com\/wp-content\/uploads\/2025\/08\/1748643410754.webp?resize=768%2C1024&amp;ssl=1 768w, https:\/\/i0.wp.com\/stratusmedical.com\/wp-content\/uploads\/2025\/08\/1748643410754.webp?resize=300%2C400&amp;ssl=1 300w, https:\/\/i0.wp.com\/stratusmedical.com\/wp-content\/uploads\/2025\/08\/1748643410754.webp?resize=600%2C800&amp;ssl=1 600w, https:\/\/i0.wp.com\/stratusmedical.com\/wp-content\/uploads\/2025\/08\/1748643410754.webp?resize=225%2C300&amp;ssl=1 225w, https:\/\/i0.wp.com\/stratusmedical.com\/wp-content\/uploads\/2025\/08\/1748643410754.webp?resize=9%2C12&amp;ssl=1 9w, https:\/\/i0.wp.com\/stratusmedical.com\/wp-content\/uploads\/2025\/08\/1748643410754.webp?resize=450%2C600&amp;ssl=1 450w, https:\/\/i0.wp.com\/stratusmedical.com\/wp-content\/uploads\/2025\/08\/1748643410754.webp?resize=150%2C200&amp;ssl=1 150w, https:\/\/i0.wp.com\/stratusmedical.com\/wp-content\/uploads\/2025\/08\/1748643410754.webp?resize=470%2C626&amp;ssl=1 470w, https:\/\/i0.wp.com\/stratusmedical.com\/wp-content\/uploads\/2025\/08\/1748643410754.webp?w=800&amp;ssl=1 800w\" sizes=\"auto, (max-width: 768px) 100vw, 768px\" \/><\/figure>\n\n\n\n<p class=\"wp-block-paragraph\"><a href=\"https:\/\/www.linkedin.com\/in\/williampankey\/\">Will Pankey<\/a>Vicepresidente de Ventas, <a href=\"https:\/\/www.linkedin.com\/company\/stratusmedical\/\">Stratus Medical<\/a>para apoyar el trabajo de MBA en el 21\u00ba Congreso de la Sociedad Espa\u00f1ola del Dolor en el Palacio de Ferias y Congresos de M\u00e1laga, Espa\u00f1a, del 28 al 30 de mayo.<br><br>Will qued\u00f3 muy impresionado por las profundas relaciones que os hab\u00e9is ganado gracias al valor que aport\u00e1is cada d\u00eda.<br><br><a href=\"https:\/\/www.linkedin.com\/search\/results\/all\/?keywords=%23painrelief&amp;origin=HASH_TAG_FROM_FEED\">#alivio del dolor<\/a> <a href=\"https:\/\/www.linkedin.com\/search\/results\/all\/?keywords=%23rfa&amp;origin=HASH_TAG_FROM_FEED\">#RFA<\/a> <a href=\"https:\/\/www.linkedin.com\/search\/results\/all\/?keywords=%23nimbusrf&amp;origin=HASH_TAG_FROM_FEED\">#nimbusRF<\/a> <a href=\"https:\/\/www.linkedin.com\/search\/results\/all\/?keywords=%23innovation&amp;origin=HASH_TAG_FROM_FEED\">1TP5Innovaci\u00f3n<\/a> <a href=\"https:\/\/www.linkedin.com\/search\/results\/all\/?keywords=%23mbasurgicalempowerment&amp;origin=HASH_TAG_FROM_FEED\">#mbasurgicalempowerment<\/a><\/p>","protected":false},"excerpt":{"rendered":"<p>Will Pankey, VP of Sales, Stratus Medical, to support MBA\u2019s work at the 21st Congress of the Sociedad Espa\u00f1ola del Dolor at the Palacio de Ferias y Congresos de M\u00e1laga, Espa\u00f1a, May 28th &#8211; 30th. Will was so impressed by the deep relationships you have earned based on the value you deliver every day! #painrelief &#8230; <a title=\"Stratus\u00ae Medical supported MBA Surgical Empowerment&#8217;s work at the 21st Congress of the Sociedad Espa\u00f1ola del Dolor at the Palacio de Ferias y Congresos de M\u00e1laga, Espa\u00f1a, May 28th &#8211; 30th\" class=\"read-more\" href=\"https:\/\/stratusmedical.com\/es\/2025\/05\/30\/stratus-medical-supported-mba-surgical-empowerments-work-at-the-21st-congress-of-the-sociedad-espanola-del-dolor-at-the-palacio-de-ferias-y-congresos-de-malaga-espana-may-28th-30th\/\" aria-label=\"Leer m\u00e1s sobre Stratus\u00ae Medical supported MBA Surgical Empowerment&#8217;s work at the 21st Congress of the Sociedad Espa\u00f1ola del Dolor at the Palacio de Ferias y Congresos de M\u00e1laga, Espa\u00f1a, May 28th &#8211; 30th\">Leer m\u00e1s<\/a><\/p>","protected":false},"author":163851896,"featured_media":14714,"comment_status":"open","ping_status":"open","sticky":false,"template":"","format":"standard","meta":{"_acf_changed":false,"_jetpack_newsletter_access":"","_jetpack_dont_email_post_to_subs":false,"_jetpack_newsletter_tier_id":0,"_jetpack_memberships_contains_paywalled_content":false,"_wpcom_ai_launchpad_first_post":false,"_jetpack_memberships_contains_paid_content":false,"footnotes":"","jetpack_post_was_ever_published":false},"categories":[684191364],"tags":[],"class_list":["post-14710","post","type-post","status-publish","format-standard","has-post-thumbnail","hentry","category-recent-event"],"acf":[],"yoast_head":"<!-- This site is optimized with the Yoast SEO Premium plugin v28.3 (Yoast SEO v28.3) - https:\/\/yoast.com\/product\/yoast-seo-premium-wordpress\/ -->\n<title>Stratus\u00ae Medical supported MBA Surgical Empowerment&#039;s work at the 21st Congress of the Sociedad Espa\u00f1ola del Dolor at the Palacio de Ferias y Congresos de M\u00e1laga, Espa\u00f1a, May 28th - 30th - Stratus Medical<\/title>\n<meta name=\"robots\" content=\"index, follow, max-snippet:-1, max-image-preview:large, max-video-preview:-1\" \/>\n<link rel=\"canonical\" href=\"https:\/\/stratusmedical.com\/es\/2025\/05\/30\/stratus-medical-supported-mba-surgical-empowerments-work-at-the-21st-congress-of-the-sociedad-espanola-del-dolor-at-the-palacio-de-ferias-y-congresos-de-malaga-espana-may-28th-30th\/\" \/>\n<meta property=\"og:locale\" content=\"es_ES\" \/>\n<meta property=\"og:type\" content=\"article\" \/>\n<meta property=\"og:title\" content=\"Stratus\u00ae Medical supported MBA Surgical Empowerment&#039;s work at the 21st Congress of the Sociedad Espa\u00f1ola del Dolor at the Palacio de Ferias y Congresos de M\u00e1laga, Espa\u00f1a, May 28th - 30th\" \/>\n<meta property=\"og:description\" content=\"Will Pankey, VP of Sales, Stratus Medical, to support MBA\u2019s work at the 21st Congress of the Sociedad Espa\u00f1ola del Dolor at the Palacio de Ferias y Congresos de M\u00e1laga, Espa\u00f1a, May 28th &#8211; 30th. Will was so impressed by the deep relationships you have earned based on the value you deliver every day! #painrelief ... Leer m\u00e1s\" \/>\n<meta property=\"og:url\" content=\"https:\/\/stratusmedical.com\/es\/2025\/05\/30\/stratus-medical-supported-mba-surgical-empowerments-work-at-the-21st-congress-of-the-sociedad-espanola-del-dolor-at-the-palacio-de-ferias-y-congresos-de-malaga-espana-may-28th-30th\/\" \/>\n<meta property=\"og:site_name\" content=\"Stratus Medical\" \/>\n<meta property=\"article:publisher\" content=\"https:\/\/www.facebook.com\/stratusmedicalllc\" \/>\n<meta property=\"article:published_time\" content=\"2025-05-31T03:20:00+00:00\" \/>\n<meta property=\"article:modified_time\" content=\"2025-08-30T03:26:56+00:00\" \/>\n<meta property=\"og:image\" content=\"https:\/\/stratusmedical.com\/wp-content\/uploads\/2025\/08\/Screenshot-2025-08-29-at-10.25.58-PM.png\" \/>\n\t<meta property=\"og:image:width\" content=\"1534\" \/>\n\t<meta property=\"og:image:height\" content=\"894\" \/>\n\t<meta property=\"og:image:type\" content=\"image\/png\" \/>\n<meta name=\"author\" content=\"stratusmedical\" \/>\n<meta name=\"twitter:card\" content=\"summary_large_image\" \/>\n<meta name=\"twitter:creator\" content=\"@stratusmed\" \/>\n<meta name=\"twitter:site\" content=\"@stratusmed\" \/>\n<meta name=\"twitter:label1\" content=\"Escrito por\" \/>\n\t<meta name=\"twitter:data1\" content=\"stratusmedical\" \/>\n<script type=\"application\/ld+json\" class=\"yoast-schema-graph\">{\"@context\":\"https:\\\/\\\/schema.org\",\"@graph\":[{\"@type\":\"Article\",\"@id\":\"https:\\\/\\\/stratusmedical.com\\\/2025\\\/05\\\/30\\\/stratus-medical-supported-mba-surgical-empowerments-work-at-the-21st-congress-of-the-sociedad-espanola-del-dolor-at-the-palacio-de-ferias-y-congresos-de-malaga-espana-may-28th-30th\\\/#article\",\"isPartOf\":{\"@id\":\"https:\\\/\\\/stratusmedical.com\\\/2025\\\/05\\\/30\\\/stratus-medical-supported-mba-surgical-empowerments-work-at-the-21st-congress-of-the-sociedad-espanola-del-dolor-at-the-palacio-de-ferias-y-congresos-de-malaga-espana-may-28th-30th\\\/\"},\"author\":{\"name\":\"stratusmedical\",\"@id\":\"https:\\\/\\\/stratusmedical.com\\\/#\\\/schema\\\/person\\\/040a4d8714f9d88bf68f93360ca8352a\"},\"headline\":\"Stratus\u00ae Medical supported MBA Surgical Empowerment&#8217;s work at the 21st Congress of the Sociedad Espa\u00f1ola del Dolor at the Palacio de Ferias y Congresos de M\u00e1laga, Espa\u00f1a, May 28th &#8211; 30th\",\"datePublished\":\"2025-05-31T03:20:00+00:00\",\"dateModified\":\"2025-08-30T03:26:56+00:00\",\"mainEntityOfPage\":{\"@id\":\"https:\\\/\\\/stratusmedical.com\\\/2025\\\/05\\\/30\\\/stratus-medical-supported-mba-surgical-empowerments-work-at-the-21st-congress-of-the-sociedad-espanola-del-dolor-at-the-palacio-de-ferias-y-congresos-de-malaga-espana-may-28th-30th\\\/\"},\"wordCount\":98,\"commentCount\":0,\"publisher\":{\"@id\":\"https:\\\/\\\/stratusmedical.com\\\/#organization\"},\"image\":{\"@id\":\"https:\\\/\\\/stratusmedical.com\\\/2025\\\/05\\\/30\\\/stratus-medical-supported-mba-surgical-empowerments-work-at-the-21st-congress-of-the-sociedad-espanola-del-dolor-at-the-palacio-de-ferias-y-congresos-de-malaga-espana-may-28th-30th\\\/#primaryimage\"},\"thumbnailUrl\":\"https:\\\/\\\/i0.wp.com\\\/stratusmedical.com\\\/wp-content\\\/uploads\\\/2025\\\/08\\\/Screenshot-2025-08-29-at-10.25.58-PM.webp?fit=1534%2C894&ssl=1\",\"articleSection\":[\"Recent Event\"],\"inLanguage\":\"es\",\"potentialAction\":[{\"@type\":\"CommentAction\",\"name\":\"Comment\",\"target\":[\"https:\\\/\\\/stratusmedical.com\\\/2025\\\/05\\\/30\\\/stratus-medical-supported-mba-surgical-empowerments-work-at-the-21st-congress-of-the-sociedad-espanola-del-dolor-at-the-palacio-de-ferias-y-congresos-de-malaga-espana-may-28th-30th\\\/#respond\"]}]},{\"@type\":\"WebPage\",\"@id\":\"https:\\\/\\\/stratusmedical.com\\\/2025\\\/05\\\/30\\\/stratus-medical-supported-mba-surgical-empowerments-work-at-the-21st-congress-of-the-sociedad-espanola-del-dolor-at-the-palacio-de-ferias-y-congresos-de-malaga-espana-may-28th-30th\\\/\",\"url\":\"https:\\\/\\\/stratusmedical.com\\\/2025\\\/05\\\/30\\\/stratus-medical-supported-mba-surgical-empowerments-work-at-the-21st-congress-of-the-sociedad-espanola-del-dolor-at-the-palacio-de-ferias-y-congresos-de-malaga-espana-may-28th-30th\\\/\",\"name\":\"Stratus\u00ae Medical supported MBA Surgical Empowerment's work at the 21st Congress of the Sociedad Espa\u00f1ola del Dolor at the Palacio de Ferias y Congresos de M\u00e1laga, Espa\u00f1a, May 28th - 30th - Stratus Medical\",\"isPartOf\":{\"@id\":\"https:\\\/\\\/stratusmedical.com\\\/#website\"},\"primaryImageOfPage\":{\"@id\":\"https:\\\/\\\/stratusmedical.com\\\/2025\\\/05\\\/30\\\/stratus-medical-supported-mba-surgical-empowerments-work-at-the-21st-congress-of-the-sociedad-espanola-del-dolor-at-the-palacio-de-ferias-y-congresos-de-malaga-espana-may-28th-30th\\\/#primaryimage\"},\"image\":{\"@id\":\"https:\\\/\\\/stratusmedical.com\\\/2025\\\/05\\\/30\\\/stratus-medical-supported-mba-surgical-empowerments-work-at-the-21st-congress-of-the-sociedad-espanola-del-dolor-at-the-palacio-de-ferias-y-congresos-de-malaga-espana-may-28th-30th\\\/#primaryimage\"},\"thumbnailUrl\":\"https:\\\/\\\/i0.wp.com\\\/stratusmedical.com\\\/wp-content\\\/uploads\\\/2025\\\/08\\\/Screenshot-2025-08-29-at-10.25.58-PM.webp?fit=1534%2C894&ssl=1\",\"datePublished\":\"2025-05-31T03:20:00+00:00\",\"dateModified\":\"2025-08-30T03:26:56+00:00\",\"breadcrumb\":{\"@id\":\"https:\\\/\\\/stratusmedical.com\\\/2025\\\/05\\\/30\\\/stratus-medical-supported-mba-surgical-empowerments-work-at-the-21st-congress-of-the-sociedad-espanola-del-dolor-at-the-palacio-de-ferias-y-congresos-de-malaga-espana-may-28th-30th\\\/#breadcrumb\"},\"inLanguage\":\"es\",\"potentialAction\":[{\"@type\":\"ReadAction\",\"target\":[\"https:\\\/\\\/stratusmedical.com\\\/2025\\\/05\\\/30\\\/stratus-medical-supported-mba-surgical-empowerments-work-at-the-21st-congress-of-the-sociedad-espanola-del-dolor-at-the-palacio-de-ferias-y-congresos-de-malaga-espana-may-28th-30th\\\/\"]}]},{\"@type\":\"ImageObject\",\"inLanguage\":\"es\",\"@id\":\"https:\\\/\\\/stratusmedical.com\\\/2025\\\/05\\\/30\\\/stratus-medical-supported-mba-surgical-empowerments-work-at-the-21st-congress-of-the-sociedad-espanola-del-dolor-at-the-palacio-de-ferias-y-congresos-de-malaga-espana-may-28th-30th\\\/#primaryimage\",\"url\":\"https:\\\/\\\/i0.wp.com\\\/stratusmedical.com\\\/wp-content\\\/uploads\\\/2025\\\/08\\\/Screenshot-2025-08-29-at-10.25.58-PM.webp?fit=1534%2C894&ssl=1\",\"contentUrl\":\"https:\\\/\\\/i0.wp.com\\\/stratusmedical.com\\\/wp-content\\\/uploads\\\/2025\\\/08\\\/Screenshot-2025-08-29-at-10.25.58-PM.webp?fit=1534%2C894&ssl=1\",\"width\":1534,\"height\":894},{\"@type\":\"BreadcrumbList\",\"@id\":\"https:\\\/\\\/stratusmedical.com\\\/2025\\\/05\\\/30\\\/stratus-medical-supported-mba-surgical-empowerments-work-at-the-21st-congress-of-the-sociedad-espanola-del-dolor-at-the-palacio-de-ferias-y-congresos-de-malaga-espana-may-28th-30th\\\/#breadcrumb\",\"itemListElement\":[{\"@type\":\"ListItem\",\"position\":1,\"name\":\"Home\",\"item\":\"https:\\\/\\\/stratusmedical.com\\\/\"},{\"@type\":\"ListItem\",\"position\":2,\"name\":\"Stratus\u00ae Medical supported MBA Surgical Empowerment&#8217;s work at the 21st Congress of the Sociedad Espa\u00f1ola del Dolor at the Palacio de Ferias y Congresos de M\u00e1laga, Espa\u00f1a, May 28th &#8211; 30th\"}]},{\"@type\":\"WebSite\",\"@id\":\"https:\\\/\\\/stratusmedical.com\\\/#website\",\"url\":\"https:\\\/\\\/stratusmedical.com\\\/\",\"name\":\"Stratus Medical\",\"description\":\"NIMBUS RF - Advancing RF Technology for the Treatment of Pain\",\"publisher\":{\"@id\":\"https:\\\/\\\/stratusmedical.com\\\/#organization\"},\"potentialAction\":[{\"@type\":\"SearchAction\",\"target\":{\"@type\":\"EntryPoint\",\"urlTemplate\":\"https:\\\/\\\/stratusmedical.com\\\/?s={search_term_string}\"},\"query-input\":{\"@type\":\"PropertyValueSpecification\",\"valueRequired\":true,\"valueName\":\"search_term_string\"}}],\"inLanguage\":\"es\"},{\"@type\":\"Organization\",\"@id\":\"https:\\\/\\\/stratusmedical.com\\\/#organization\",\"name\":\"Stratus Medical\",\"url\":\"https:\\\/\\\/stratusmedical.com\\\/\",\"logo\":{\"@type\":\"ImageObject\",\"inLanguage\":\"es\",\"@id\":\"https:\\\/\\\/stratusmedical.com\\\/#\\\/schema\\\/logo\\\/image\\\/\",\"url\":\"https:\\\/\\\/i0.wp.com\\\/stratusmedical.com\\\/wp-content\\\/uploads\\\/2022\\\/01\\\/stratus-r-3.png?fit=1508%2C450&ssl=1\",\"contentUrl\":\"https:\\\/\\\/i0.wp.com\\\/stratusmedical.com\\\/wp-content\\\/uploads\\\/2022\\\/01\\\/stratus-r-3.png?fit=1508%2C450&ssl=1\",\"width\":1508,\"height\":450,\"caption\":\"Stratus Medical\"},\"image\":{\"@id\":\"https:\\\/\\\/stratusmedical.com\\\/#\\\/schema\\\/logo\\\/image\\\/\"},\"sameAs\":[\"https:\\\/\\\/www.facebook.com\\\/stratusmedicalllc\",\"https:\\\/\\\/x.com\\\/stratusmed\",\"https:\\\/\\\/www.linkedin.com\\\/company\\\/stratusmedical\",\"https:\\\/\\\/www.instagram.com\\\/stratus.med\\\/?hl=en\"]},{\"@type\":\"Person\",\"@id\":\"https:\\\/\\\/stratusmedical.com\\\/#\\\/schema\\\/person\\\/040a4d8714f9d88bf68f93360ca8352a\",\"name\":\"stratusmedical\",\"image\":{\"@type\":\"ImageObject\",\"inLanguage\":\"es\",\"@id\":\"https:\\\/\\\/secure.gravatar.com\\\/avatar\\\/7d2d2b763f8846a6bc048a74a225ebdbe292d44c6b376e0fc93c43bd8f317c50?s=96&d=blank&r=g\",\"url\":\"https:\\\/\\\/secure.gravatar.com\\\/avatar\\\/7d2d2b763f8846a6bc048a74a225ebdbe292d44c6b376e0fc93c43bd8f317c50?s=96&d=blank&r=g\",\"contentUrl\":\"https:\\\/\\\/secure.gravatar.com\\\/avatar\\\/7d2d2b763f8846a6bc048a74a225ebdbe292d44c6b376e0fc93c43bd8f317c50?s=96&d=blank&r=g\",\"caption\":\"stratusmedical\"},\"sameAs\":[\"http:\\\/\\\/stratusmedical.wordpress.com\"]}]}<\/script>\n<!-- \/ Yoast SEO Premium plugin. -->","yoast_head_json":{"title":"Stratus\u00ae Medical apoy\u00f3 el trabajo de MBA Surgical Empowerment en el 21\u00ba Congreso de la Sociedad Espa\u00f1ola del Dolor en el Palacio de Ferias y Congresos de M\u00e1laga, Espa\u00f1a, del 28 al 30 de mayo - Stratus Medical","robots":{"index":"index","follow":"follow","max-snippet":"max-snippet:-1","max-image-preview":"max-image-preview:large","max-video-preview":"max-video-preview:-1"},"canonical":"https:\/\/stratusmedical.com\/es\/2025\/05\/30\/stratus-medical-supported-mba-surgical-empowerments-work-at-the-21st-congress-of-the-sociedad-espanola-del-dolor-at-the-palacio-de-ferias-y-congresos-de-malaga-espana-may-28th-30th\/","og_locale":"es_ES","og_type":"article","og_title":"Stratus\u00ae Medical supported MBA Surgical Empowerment's work at the 21st Congress of the Sociedad Espa\u00f1ola del Dolor at the Palacio de Ferias y Congresos de M\u00e1laga, Espa\u00f1a, May 28th - 30th","og_description":"Will Pankey, VP of Sales, Stratus Medical, to support MBA\u2019s work at the 21st Congress of the Sociedad Espa\u00f1ola del Dolor at the Palacio de Ferias y Congresos de M\u00e1laga, Espa\u00f1a, May 28th &#8211; 30th. Will was so impressed by the deep relationships you have earned based on the value you deliver every day! #painrelief ... Leer m\u00e1s","og_url":"https:\/\/stratusmedical.com\/es\/2025\/05\/30\/stratus-medical-supported-mba-surgical-empowerments-work-at-the-21st-congress-of-the-sociedad-espanola-del-dolor-at-the-palacio-de-ferias-y-congresos-de-malaga-espana-may-28th-30th\/","og_site_name":"Stratus Medical","article_publisher":"https:\/\/www.facebook.com\/stratusmedicalllc","article_published_time":"2025-05-31T03:20:00+00:00","article_modified_time":"2025-08-30T03:26:56+00:00","og_image":[{"width":1534,"height":894,"url":"https:\/\/stratusmedical.com\/wp-content\/uploads\/2025\/08\/Screenshot-2025-08-29-at-10.25.58-PM.png","type":"image\/png"}],"author":"stratusmedical","twitter_card":"summary_large_image","twitter_creator":"@stratusmed","twitter_site":"@stratusmed","twitter_misc":{"Escrito por":"stratusmedical"},"schema":{"@context":"https:\/\/schema.org","@graph":[{"@type":"Article","@id":"https:\/\/stratusmedical.com\/2025\/05\/30\/stratus-medical-supported-mba-surgical-empowerments-work-at-the-21st-congress-of-the-sociedad-espanola-del-dolor-at-the-palacio-de-ferias-y-congresos-de-malaga-espana-may-28th-30th\/#article","isPartOf":{"@id":"https:\/\/stratusmedical.com\/2025\/05\/30\/stratus-medical-supported-mba-surgical-empowerments-work-at-the-21st-congress-of-the-sociedad-espanola-del-dolor-at-the-palacio-de-ferias-y-congresos-de-malaga-espana-may-28th-30th\/"},"author":{"name":"stratusmedical","@id":"https:\/\/stratusmedical.com\/#\/schema\/person\/040a4d8714f9d88bf68f93360ca8352a"},"headline":"Stratus\u00ae Medical supported MBA Surgical Empowerment&#8217;s work at the 21st Congress of the Sociedad Espa\u00f1ola del Dolor at the Palacio de Ferias y Congresos de M\u00e1laga, Espa\u00f1a, May 28th &#8211; 30th","datePublished":"2025-05-31T03:20:00+00:00","dateModified":"2025-08-30T03:26:56+00:00","mainEntityOfPage":{"@id":"https:\/\/stratusmedical.com\/2025\/05\/30\/stratus-medical-supported-mba-surgical-empowerments-work-at-the-21st-congress-of-the-sociedad-espanola-del-dolor-at-the-palacio-de-ferias-y-congresos-de-malaga-espana-may-28th-30th\/"},"wordCount":98,"commentCount":0,"publisher":{"@id":"https:\/\/stratusmedical.com\/#organization"},"image":{"@id":"https:\/\/stratusmedical.com\/2025\/05\/30\/stratus-medical-supported-mba-surgical-empowerments-work-at-the-21st-congress-of-the-sociedad-espanola-del-dolor-at-the-palacio-de-ferias-y-congresos-de-malaga-espana-may-28th-30th\/#primaryimage"},"thumbnailUrl":"https:\/\/i0.wp.com\/stratusmedical.com\/wp-content\/uploads\/2025\/08\/Screenshot-2025-08-29-at-10.25.58-PM.webp?fit=1534%2C894&ssl=1","articleSection":["Recent Event"],"inLanguage":"es","potentialAction":[{"@type":"CommentAction","name":"Comment","target":["https:\/\/stratusmedical.com\/2025\/05\/30\/stratus-medical-supported-mba-surgical-empowerments-work-at-the-21st-congress-of-the-sociedad-espanola-del-dolor-at-the-palacio-de-ferias-y-congresos-de-malaga-espana-may-28th-30th\/#respond"]}]},{"@type":"WebPage","@id":"https:\/\/stratusmedical.com\/2025\/05\/30\/stratus-medical-supported-mba-surgical-empowerments-work-at-the-21st-congress-of-the-sociedad-espanola-del-dolor-at-the-palacio-de-ferias-y-congresos-de-malaga-espana-may-28th-30th\/","url":"https:\/\/stratusmedical.com\/2025\/05\/30\/stratus-medical-supported-mba-surgical-empowerments-work-at-the-21st-congress-of-the-sociedad-espanola-del-dolor-at-the-palacio-de-ferias-y-congresos-de-malaga-espana-may-28th-30th\/","name":"Stratus\u00ae Medical apoy\u00f3 el trabajo de MBA Surgical Empowerment en el 21\u00ba Congreso de la Sociedad Espa\u00f1ola del Dolor en el Palacio de Ferias y Congresos de M\u00e1laga, Espa\u00f1a, del 28 al 30 de mayo - Stratus Medical","isPartOf":{"@id":"https:\/\/stratusmedical.com\/#website"},"primaryImageOfPage":{"@id":"https:\/\/stratusmedical.com\/2025\/05\/30\/stratus-medical-supported-mba-surgical-empowerments-work-at-the-21st-congress-of-the-sociedad-espanola-del-dolor-at-the-palacio-de-ferias-y-congresos-de-malaga-espana-may-28th-30th\/#primaryimage"},"image":{"@id":"https:\/\/stratusmedical.com\/2025\/05\/30\/stratus-medical-supported-mba-surgical-empowerments-work-at-the-21st-congress-of-the-sociedad-espanola-del-dolor-at-the-palacio-de-ferias-y-congresos-de-malaga-espana-may-28th-30th\/#primaryimage"},"thumbnailUrl":"https:\/\/i0.wp.com\/stratusmedical.com\/wp-content\/uploads\/2025\/08\/Screenshot-2025-08-29-at-10.25.58-PM.webp?fit=1534%2C894&ssl=1","datePublished":"2025-05-31T03:20:00+00:00","dateModified":"2025-08-30T03:26:56+00:00","breadcrumb":{"@id":"https:\/\/stratusmedical.com\/2025\/05\/30\/stratus-medical-supported-mba-surgical-empowerments-work-at-the-21st-congress-of-the-sociedad-espanola-del-dolor-at-the-palacio-de-ferias-y-congresos-de-malaga-espana-may-28th-30th\/#breadcrumb"},"inLanguage":"es","potentialAction":[{"@type":"ReadAction","target":["https:\/\/stratusmedical.com\/2025\/05\/30\/stratus-medical-supported-mba-surgical-empowerments-work-at-the-21st-congress-of-the-sociedad-espanola-del-dolor-at-the-palacio-de-ferias-y-congresos-de-malaga-espana-may-28th-30th\/"]}]},{"@type":"ImageObject","inLanguage":"es","@id":"https:\/\/stratusmedical.com\/2025\/05\/30\/stratus-medical-supported-mba-surgical-empowerments-work-at-the-21st-congress-of-the-sociedad-espanola-del-dolor-at-the-palacio-de-ferias-y-congresos-de-malaga-espana-may-28th-30th\/#primaryimage","url":"https:\/\/i0.wp.com\/stratusmedical.com\/wp-content\/uploads\/2025\/08\/Screenshot-2025-08-29-at-10.25.58-PM.webp?fit=1534%2C894&ssl=1","contentUrl":"https:\/\/i0.wp.com\/stratusmedical.com\/wp-content\/uploads\/2025\/08\/Screenshot-2025-08-29-at-10.25.58-PM.webp?fit=1534%2C894&ssl=1","width":1534,"height":894},{"@type":"BreadcrumbList","@id":"https:\/\/stratusmedical.com\/2025\/05\/30\/stratus-medical-supported-mba-surgical-empowerments-work-at-the-21st-congress-of-the-sociedad-espanola-del-dolor-at-the-palacio-de-ferias-y-congresos-de-malaga-espana-may-28th-30th\/#breadcrumb","itemListElement":[{"@type":"ListItem","position":1,"name":"Home","item":"https:\/\/stratusmedical.com\/"},{"@type":"ListItem","position":2,"name":"Stratus\u00ae Medical supported MBA Surgical Empowerment&#8217;s work at the 21st Congress of the Sociedad Espa\u00f1ola del Dolor at the Palacio de Ferias y Congresos de M\u00e1laga, Espa\u00f1a, May 28th &#8211; 30th"}]},{"@type":"WebSite","@id":"https:\/\/stratusmedical.com\/#website","url":"https:\/\/stratusmedical.com\/","name":"Stratus Medical","description":"NIMBUS RF - Advancing RF Technology for the Treatment of Pain","publisher":{"@id":"https:\/\/stratusmedical.com\/#organization"},"potentialAction":[{"@type":"SearchAction","target":{"@type":"EntryPoint","urlTemplate":"https:\/\/stratusmedical.com\/?s={search_term_string}"},"query-input":{"@type":"PropertyValueSpecification","valueRequired":true,"valueName":"search_term_string"}}],"inLanguage":"es"},{"@type":"Organization","@id":"https:\/\/stratusmedical.com\/#organization","name":"Stratus Medical","url":"https:\/\/stratusmedical.com\/","logo":{"@type":"ImageObject","inLanguage":"es","@id":"https:\/\/stratusmedical.com\/#\/schema\/logo\/image\/","url":"https:\/\/i0.wp.com\/stratusmedical.com\/wp-content\/uploads\/2022\/01\/stratus-r-3.png?fit=1508%2C450&ssl=1","contentUrl":"https:\/\/i0.wp.com\/stratusmedical.com\/wp-content\/uploads\/2022\/01\/stratus-r-3.png?fit=1508%2C450&ssl=1","width":1508,"height":450,"caption":"Stratus Medical"},"image":{"@id":"https:\/\/stratusmedical.com\/#\/schema\/logo\/image\/"},"sameAs":["https:\/\/www.facebook.com\/stratusmedicalllc","https:\/\/x.com\/stratusmed","https:\/\/www.linkedin.com\/company\/stratusmedical","https:\/\/www.instagram.com\/stratus.med\/?hl=en"]},{"@type":"Person","@id":"https:\/\/stratusmedical.com\/#\/schema\/person\/040a4d8714f9d88bf68f93360ca8352a","name":"stratusmedical","image":{"@type":"ImageObject","inLanguage":"es","@id":"https:\/\/secure.gravatar.com\/avatar\/7d2d2b763f8846a6bc048a74a225ebdbe292d44c6b376e0fc93c43bd8f317c50?s=96&d=blank&r=g","url":"https:\/\/secure.gravatar.com\/avatar\/7d2d2b763f8846a6bc048a74a225ebdbe292d44c6b376e0fc93c43bd8f317c50?s=96&d=blank&r=g","contentUrl":"https:\/\/secure.gravatar.com\/avatar\/7d2d2b763f8846a6bc048a74a225ebdbe292d44c6b376e0fc93c43bd8f317c50?s=96&d=blank&r=g","caption":"stratusmedical"},"sameAs":["http:\/\/stratusmedical.wordpress.com"]}]}},"jetpack_shortlink":"https:\/\/wp.me\/pb9sem-3Pg","jetpack_sharing_enabled":true,"jetpack_featured_media_url":"https:\/\/i0.wp.com\/stratusmedical.com\/wp-content\/uploads\/2025\/08\/Screenshot-2025-08-29-at-10.25.58-PM.webp?fit=1534%2C894&ssl=1","_links":{"self":[{"href":"https:\/\/stratusmedical.com\/es\/wp-json\/wp\/v2\/posts\/14710","targetHints":{"allow":["GET"]}}],"collection":[{"href":"https:\/\/stratusmedical.com\/es\/wp-json\/wp\/v2\/posts"}],"about":[{"href":"https:\/\/stratusmedical.com\/es\/wp-json\/wp\/v2\/types\/post"}],"author":[{"embeddable":true,"href":"https:\/\/stratusmedical.com\/es\/wp-json\/wp\/v2\/users\/163851896"}],"replies":[{"embeddable":true,"href":"https:\/\/stratusmedical.com\/es\/wp-json\/wp\/v2\/comments?post=14710"}],"version-history":[{"count":2,"href":"https:\/\/stratusmedical.com\/es\/wp-json\/wp\/v2\/posts\/14710\/revisions"}],"predecessor-version":[{"id":14715,"href":"https:\/\/stratusmedical.com\/es\/wp-json\/wp\/v2\/posts\/14710\/revisions\/14715"}],"wp:featuredmedia":[{"embeddable":true,"href":"https:\/\/stratusmedical.com\/es\/wp-json\/wp\/v2\/media\/14714"}],"wp:attachment":[{"href":"https:\/\/stratusmedical.com\/es\/wp-json\/wp\/v2\/media?parent=14710"}],"wp:term":[{"taxonomy":"category","embeddable":true,"href":"https:\/\/stratusmedical.com\/es\/wp-json\/wp\/v2\/categories?post=14710"},{"taxonomy":"post_tag","embeddable":true,"href":"https:\/\/stratusmedical.com\/es\/wp-json\/wp\/v2\/tags?post=14710"}],"curies":[{"name":"wp","href":"https:\/\/api.w.org\/{rel}","templated":true}]}}